{"id":1680,"date":"2020-12-03T11:28:00","date_gmt":"2020-12-03T11:28:00","guid":{"rendered":"http:\/\/demo.goodlayers.com\/infinite\/?p=1680"},"modified":"2020-12-17T17:47:32","modified_gmt":"2020-12-17T17:47:32","slug":"a-global-mba-for-the-next-generation-of-business-leaders","status":"publish","type":"post","link":"https:\/\/www.ramsagroupkurumlari.com\/?p=1680","title":{"rendered":"3 Aral\u0131k Du\u0308nya Engelliler Gu\u0308nu\u0308"},"content":{"rendered":"<p><img loading=\"lazy\" decoding=\"async\" class=\"alignnone size-large wp-image-7057\" src=\"https:\/\/www.ramsagroupkurumlari.com\/wp-content\/uploads\/2016\/06\/3-aralik-dunya-engelliler-gunu-ziyareti-nursel-ozdemir-kurumlari-fethiye-1024x768.jpg\" alt=\"\" width=\"1024\" height=\"768\" srcset=\"https:\/\/www.ramsagroupkurumlari.com\/wp-content\/uploads\/2016\/06\/3-aralik-dunya-engelliler-gunu-ziyareti-nursel-ozdemir-kurumlari-fethiye-1024x768.jpg 1024w, https:\/\/www.ramsagroupkurumlari.com\/wp-content\/uploads\/2016\/06\/3-aralik-dunya-engelliler-gunu-ziyareti-nursel-ozdemir-kurumlari-fethiye-300x225.jpg 300w, https:\/\/www.ramsagroupkurumlari.com\/wp-content\/uploads\/2016\/06\/3-aralik-dunya-engelliler-gunu-ziyareti-nursel-ozdemir-kurumlari-fethiye-768x576.jpg 768w, https:\/\/www.ramsagroupkurumlari.com\/wp-content\/uploads\/2016\/06\/3-aralik-dunya-engelliler-gunu-ziyareti-nursel-ozdemir-kurumlari-fethiye.jpg 1280w\" sizes=\"auto, (max-width: 1024px) 100vw, 1024px\" \/><\/p>\n\n\n<p>3 Aralik D\u00fcnya Engelliler G\u00fcn\u00fcnde Ak Parti \u0130l\u00e7e ba\u015fkan\u0131 Turgay \u00d6zt\u00fcrk ve y\u00f6netim kurulu \u00fcyeleri kurumlar\u0131m\u0131z\u0131 ziyaret etti. Kurucumuz Salih D\u00fcndar &#8216;\u0131nda ba\u015fkan yard\u0131mc\u0131l\u0131g\u0131 yapt\u0131\u011f\u0131 Fethiye Ak Parti il\u00e7e te\u015fk\u0131lat\u0131 bu anlaml\u0131 g\u00fcnde engelli \u00f6\u011frencilerimizle bir araya gelerek onlarin yaninda oldugunu birkez daha g\u00f6sterdi. \u00d6\u011frencilerimize hediyeler takdim eden ba\u015fkan \u00d6zt\u00fcrk, kurumlar\u0131m\u0131zda verilen e\u011fitim hizmetinide yerinde g\u00f6rd\u00fc. Kurum \u00f6\u011frencilerimizde yaptiklari el emeklerini onlari bu anlamli gunde onlari yanliz birakmayan ziyaretcilerine verdiler.<\/p>\n\n\n\n<figure class=\"wp-block-image size-large\"><img loading=\"lazy\" decoding=\"async\" width=\"767\" height=\"1024\" src=\"https:\/\/www.ramsagroupkurumlari.com\/wp-content\/uploads\/2020\/12\/3-aralik-dunya-engelliler-gunu-ziyareti-nursel-ozdemir-kurumlari-fethiye-mugla-767x1024.jpg\" alt=\"\" class=\"wp-image-7062\" srcset=\"https:\/\/www.ramsagroupkurumlari.com\/wp-content\/uploads\/2020\/12\/3-aralik-dunya-engelliler-gunu-ziyareti-nursel-ozdemir-kurumlari-fethiye-mugla-767x1024.jpg 767w, https:\/\/www.ramsagroupkurumlari.com\/wp-content\/uploads\/2020\/12\/3-aralik-dunya-engelliler-gunu-ziyareti-nursel-ozdemir-kurumlari-fethiye-mugla-225x300.jpg 225w, https:\/\/www.ramsagroupkurumlari.com\/wp-content\/uploads\/2020\/12\/3-aralik-dunya-engelliler-gunu-ziyareti-nursel-ozdemir-kurumlari-fethiye-mugla-768x1025.jpg 768w, https:\/\/www.ramsagroupkurumlari.com\/wp-content\/uploads\/2020\/12\/3-aralik-dunya-engelliler-gunu-ziyareti-nursel-ozdemir-kurumlari-fethiye-mugla-700x935.jpg 700w, https:\/\/www.ramsagroupkurumlari.com\/wp-content\/uploads\/2020\/12\/3-aralik-dunya-engelliler-gunu-ziyareti-nursel-ozdemir-kurumlari-fethiye-mugla-600x800.jpg 600w, https:\/\/www.ramsagroupkurumlari.com\/wp-content\/uploads\/2020\/12\/3-aralik-dunya-engelliler-gunu-ziyareti-nursel-ozdemir-kurumlari-fethiye-mugla.jpg 956w\" sizes=\"auto, (max-width: 767px) 100vw, 767px\" \/><\/figure>\n\n\n\n<figure class=\"wp-block-image size-large\"><img loading=\"lazy\" decoding=\"async\" width=\"767\" height=\"1024\" src=\"https:\/\/www.ramsagroupkurumlari.com\/wp-content\/uploads\/2020\/12\/3-aralik-dunya-engelliler-gunu-nursel-ozdemir-kurumlari-fethiye-767x1024.jpg\" alt=\"\" class=\"wp-image-7063\" srcset=\"https:\/\/www.ramsagroupkurumlari.com\/wp-content\/uploads\/2020\/12\/3-aralik-dunya-engelliler-gunu-nursel-ozdemir-kurumlari-fethiye-767x1024.jpg 767w, https:\/\/www.ramsagroupkurumlari.com\/wp-content\/uploads\/2020\/12\/3-aralik-dunya-engelliler-gunu-nursel-ozdemir-kurumlari-fethiye-225x300.jpg 225w, https:\/\/www.ramsagroupkurumlari.com\/wp-content\/uploads\/2020\/12\/3-aralik-dunya-engelliler-gunu-nursel-ozdemir-kurumlari-fethiye-768x1025.jpg 768w, https:\/\/www.ramsagroupkurumlari.com\/wp-content\/uploads\/2020\/12\/3-aralik-dunya-engelliler-gunu-nursel-ozdemir-kurumlari-fethiye-700x935.jpg 700w, https:\/\/www.ramsagroupkurumlari.com\/wp-content\/uploads\/2020\/12\/3-aralik-dunya-engelliler-gunu-nursel-ozdemir-kurumlari-fethiye-600x800.jpg 600w, https:\/\/www.ramsagroupkurumlari.com\/wp-content\/uploads\/2020\/12\/3-aralik-dunya-engelliler-gunu-nursel-ozdemir-kurumlari-fethiye.jpg 956w\" sizes=\"auto, (max-width: 767px) 100vw, 767px\" \/><\/figure>\n\n\n\n<p>3 Aralik D\u00fcnya Engelliler G\u00fcn\u00fcnde Ak Parti \u0130l\u00e7e ba\u015fkan\u0131 Turgay \u00d6zt\u00fcrk ve y\u00f6netim kurulu \u00fcyeleri kurumlar\u0131m\u0131z\u0131 ziyaret etti. Kurucumuz Salih D\u00fcndar &#8216;\u0131nda ba\u015fkan yard\u0131mc\u0131l\u0131g\u0131 yapt\u0131\u011f\u0131 Fethiye Ak Parti il\u00e7e te\u015fk\u0131lat\u0131 bu anlaml\u0131 g\u00fcnde engelli \u00f6\u011frencilerimizle bir araya gelerek onlarin yaninda oldugunu birkez daha g\u00f6sterdi. \u00d6\u011frencilerimize hediyeler takdim eden ba\u015fkan \u00d6zt\u00fcrk, kurumlar\u0131m\u0131zda verilen e\u011fitim hizmetinide yerinde g\u00f6rd\u00fc. Kurum \u00f6\u011frencilerimizde yaptiklari el emeklerini onlari bu anlamli gunde onlari yanliz birakmayan ziyaretcilerine verdiler.<\/p>\n","protected":false},"excerpt":{"rendered":"<p>3 Aralik D\u00fcnya Engelliler G\u00fcn\u00fcnde Ak Parti \u0130l\u00e7e ba\u015fkan\u0131 Turgay \u00d6zt\u00fcrk ve y\u00f6netim kurulu \u00fcyeleri kurumlar\u0131m\u0131z\u0131 ziyaret etti. Kurucumuz Salih D\u00fcndar &#8216;\u0131nda ba\u015fkan yard\u0131mc\u0131l\u0131g\u0131 yapt\u0131\u011f\u0131 Fethiye Ak Parti il\u00e7e te\u015fk\u0131lat\u0131 bu anlaml\u0131 g\u00fcnde engelli \u00f6\u011frencilerimizle bir araya gelerek onlarin yaninda oldugunu birkez daha g\u00f6sterdi. \u00d6\u011frencilerimize hediyeler takdim eden ba\u015fkan \u00d6zt\u00fcrk, kurumlar\u0131m\u0131zda verilen e\u011fitim hizmetinide yerinde g\u00f6rd\u00fc. Kurum \u00f6\u011frencilerimizde yaptiklari el emeklerini onlari bu anlamli gunde onlari yanliz birakmayan ziyaretcilerine verdiler.<\/p>\n","protected":false},"author":1,"featured_media":7061,"comment_status":"open","ping_status":"open","sticky":false,"template":"","format":"standard","meta":{"footnotes":""},"categories":[2],"tags":[],"class_list":["post-1680","post","type-post","status-publish","format-standard","has-post-thumbnail","hentry","category-blog"],"_links":{"self":[{"href":"https:\/\/www.ramsagroupkurumlari.com\/index.php?rest_route=\/wp\/v2\/posts\/1680","targetHints":{"allow":["GET"]}}],"collection":[{"href":"https:\/\/www.ramsagroupkurumlari.com\/index.php?rest_route=\/wp\/v2\/posts"}],"about":[{"href":"https:\/\/www.ramsagroupkurumlari.com\/index.php?rest_route=\/wp\/v2\/types\/post"}],"author":[{"embeddable":true,"href":"https:\/\/www.ramsagroupkurumlari.com\/index.php?rest_route=\/wp\/v2\/users\/1"}],"replies":[{"embeddable":true,"href":"https:\/\/www.ramsagroupkurumlari.com\/index.php?rest_route=%2Fwp%2Fv2%2Fcomments&post=1680"}],"version-history":[{"count":5,"href":"https:\/\/www.ramsagroupkurumlari.com\/index.php?rest_route=\/wp\/v2\/posts\/1680\/revisions"}],"predecessor-version":[{"id":7104,"href":"https:\/\/www.ramsagroupkurumlari.com\/index.php?rest_route=\/wp\/v2\/posts\/1680\/revisions\/7104"}],"wp:featuredmedia":[{"embeddable":true,"href":"https:\/\/www.ramsagroupkurumlari.com\/index.php?rest_route=\/wp\/v2\/media\/7061"}],"wp:attachment":[{"href":"https:\/\/www.ramsagroupkurumlari.com\/index.php?rest_route=%2Fwp%2Fv2%2Fmedia&parent=1680"}],"wp:term":[{"taxonomy":"category","embeddable":true,"href":"https:\/\/www.ramsagroupkurumlari.com\/index.php?rest_route=%2Fwp%2Fv2%2Fcategories&post=1680"},{"taxonomy":"post_tag","embeddable":true,"href":"https:\/\/www.ramsagroupkurumlari.com\/index.php?rest_route=%2Fwp%2Fv2%2Ftags&post=1680"}],"curies":[{"name":"wp","href":"https:\/\/api.w.org\/{rel}","templated":true}]}}