{"id":8166,"date":"2021-01-20T14:13:47","date_gmt":"2021-01-20T14:13:47","guid":{"rendered":"https:\/\/www.ramsagroupkurumlari.com\/?p=8166"},"modified":"2021-03-18T21:44:15","modified_gmt":"2021-03-18T21:44:15","slug":"rehabilitasyon-merkezleri-ak-partiyi-ziyaret-etti","status":"publish","type":"post","link":"https:\/\/www.ramsagroupkurumlari.com\/?p=8166","title":{"rendered":"REHAB\u0130L\u0130TASYON MERKEZLER\u0130 AK PART\u0130Y\u0130 Z\u0130YARET ETT\u0130"},"content":{"rendered":"\n<p>Fethiye\u2019 de hizmet veren rehabilitasyon merkezleri Ak Parti \u0130l\u00e7e Ba\u015fkan\u0131 Turgay \u00d6ZT\u00dcRK\u2019 \u00fc makam\u0131nda ziyaret etti. Partinin yeni ta\u015f\u0131nd\u0131\u011f\u0131 binas\u0131na hay\u0131rl\u0131 olsuna t\u00fcm kurumlardan temsilciler kat\u0131ld\u0131.<\/p>\n\n\n\n<p>Nursel \u00d6zdemir Kurumlar\u0131 Kurucusu psikolojik dan\u0131\u015fman Salih D\u00dcNDAR 2020 Ak parti y\u00f6netim kadrosuna il\u00e7e ba\u015fkan yard\u0131mc\u0131s\u0131, sivil toplum kurulu\u015flar\u0131 ve halkla ili\u015fkiler ba\u015fkan\u0131 olarak getirilmi\u015fti. \u00d6zel E\u011fitim Dernekleri Federasyonu Mu\u011fla \u0130l Ba\u015fkan\u0131 ve Ege B\u00f6lgesi Rehabilitasyon Merkezleri Ba\u015fkan yard\u0131mc\u0131l\u0131\u011f\u0131n\u0131 s\u00fcrd\u00fcren D\u00dcNDAR parti y\u00f6netim konusunda b\u00f6lgemiz engellilerin e\u011fitimi ile ilgilenen sekt\u00f6r\u00fcn en b\u00fcy\u00fck temsilcisi olarak halk\u0131n sesi olmaya da devam ediyor.<\/p>\n\n\n\n<figure class=\"wp-block-image size-large\"><img loading=\"lazy\" decoding=\"async\" width=\"1024\" height=\"768\" src=\"https:\/\/www.ramsagroupkurumlari.com\/wp-content\/uploads\/2021\/01\/11-1024x768.jpg\" alt=\"\" class=\"wp-image-8167\" srcset=\"https:\/\/www.ramsagroupkurumlari.com\/wp-content\/uploads\/2021\/01\/11-1024x768.jpg 1024w, https:\/\/www.ramsagroupkurumlari.com\/wp-content\/uploads\/2021\/01\/11-300x225.jpg 300w, https:\/\/www.ramsagroupkurumlari.com\/wp-content\/uploads\/2021\/01\/11-768x576.jpg 768w, https:\/\/www.ramsagroupkurumlari.com\/wp-content\/uploads\/2021\/01\/11.jpg 1280w\" sizes=\"auto, (max-width: 1024px) 100vw, 1024px\" \/><\/figure>\n\n\n\n<p>Nursel \u00d6zdemir Kurumlar\u0131 m\u00fcd\u00fcr ve m\u00fcd\u00fcr yard\u0131mc\u0131lar\u0131n\u0131n oldu\u011fu ziyarette Sayg\u0131n \u00d6zel E\u011fitim m\u00fcd\u00fcr\u00fc Mehmet DEM\u0130RC\u0130 ve Son At\u0131l\u0131m \u00d6zel E\u011fitim m\u00fcd\u00fcr\u00fc Hakan G\u00d6KCEN Ak Parti \u0130l\u00e7e Ba\u015fkan\u0131 Turgay \u00d6ZT\u00dcRK\u2019 e yeni hizmet binas\u0131na hay\u0131rl\u0131 olsun temennilerinde buldular.&nbsp; Ba\u015fkan \u00d6ZT\u00dcRK; Ziyaretten dolay\u0131 memnun olduklar\u0131n\u0131 engelli karde\u015flerimizin her t\u00fcrl\u00fc eksikliklerinde yard\u0131mc\u0131 olacaklar\u0131n\u0131 belirtti. Ayr\u0131ca y\u00f6netimde yer alan Salih D\u00dcNDAR\u2019 \u0131n da sekt\u00f6r\u00fcn\u00fcz ile ilgili her konuda sizlere yard\u0131mc\u0131 olaca\u011f\u0131n\u0131 biliyor ve yeni binam\u0131zda sizlerle ile birlikte vatanda\u015f\u0131m\u0131za daha iyi hizmet i\u00e7in \u00e7al\u0131\u015fmalar\u0131 s\u00fcrd\u00fcrece\u011fiz\u201d dedi.<\/p>\n\n\n\n<figure class=\"wp-block-image size-large\"><img loading=\"lazy\" decoding=\"async\" width=\"768\" height=\"1024\" src=\"https:\/\/www.ramsagroupkurumlari.com\/wp-content\/uploads\/2021\/01\/1111-768x1024.jpg\" alt=\"\" class=\"wp-image-8168\" srcset=\"https:\/\/www.ramsagroupkurumlari.com\/wp-content\/uploads\/2021\/01\/1111-768x1024.jpg 768w, https:\/\/www.ramsagroupkurumlari.com\/wp-content\/uploads\/2021\/01\/1111-225x300.jpg 225w, https:\/\/www.ramsagroupkurumlari.com\/wp-content\/uploads\/2021\/01\/1111-600x800.jpg 600w, https:\/\/www.ramsagroupkurumlari.com\/wp-content\/uploads\/2021\/01\/1111.jpg 960w\" sizes=\"auto, (max-width: 768px) 100vw, 768px\" \/><\/figure>\n\n\n\n<figure class=\"wp-block-image size-large\"><img loading=\"lazy\" decoding=\"async\" width=\"1024\" height=\"768\" src=\"https:\/\/www.ramsagroupkurumlari.com\/wp-content\/uploads\/2021\/01\/111-1024x768.jpg\" alt=\"\" class=\"wp-image-8169\" srcset=\"https:\/\/www.ramsagroupkurumlari.com\/wp-content\/uploads\/2021\/01\/111-1024x768.jpg 1024w, https:\/\/www.ramsagroupkurumlari.com\/wp-content\/uploads\/2021\/01\/111-300x225.jpg 300w, https:\/\/www.ramsagroupkurumlari.com\/wp-content\/uploads\/2021\/01\/111-768x576.jpg 768w, https:\/\/www.ramsagroupkurumlari.com\/wp-content\/uploads\/2021\/01\/111.jpg 1280w\" sizes=\"auto, (max-width: 1024px) 100vw, 1024px\" \/><\/figure>\n","protected":false},"excerpt":{"rendered":"<p>Fethiye\u2019 de hizmet veren rehabilitasyon merkezleri Ak Parti \u0130l\u00e7e Ba\u015fkan\u0131 Turgay \u00d6ZT\u00dcRK\u2019 \u00fc makam\u0131nda ziyaret etti. Partinin yeni ta\u015f\u0131nd\u0131\u011f\u0131 binas\u0131na hay\u0131rl\u0131 olsuna t\u00fcm kurumlardan temsilciler kat\u0131ld\u0131. Nursel \u00d6zdemir Kurumlar\u0131 Kurucusu [&hellip;]<\/p>\n","protected":false},"author":1,"featured_media":8167,"comment_status":"open","ping_status":"open","sticky":false,"template":"","format":"standard","meta":{"footnotes":""},"categories":[2],"tags":[],"class_list":["post-8166","post","type-post","status-publish","format-standard","has-post-thumbnail","hentry","category-blog"],"_links":{"self":[{"href":"https:\/\/www.ramsagroupkurumlari.com\/index.php?rest_route=\/wp\/v2\/posts\/8166","targetHints":{"allow":["GET"]}}],"collection":[{"href":"https:\/\/www.ramsagroupkurumlari.com\/index.php?rest_route=\/wp\/v2\/posts"}],"about":[{"href":"https:\/\/www.ramsagroupkurumlari.com\/index.php?rest_route=\/wp\/v2\/types\/post"}],"author":[{"embeddable":true,"href":"https:\/\/www.ramsagroupkurumlari.com\/index.php?rest_route=\/wp\/v2\/users\/1"}],"replies":[{"embeddable":true,"href":"https:\/\/www.ramsagroupkurumlari.com\/index.php?rest_route=%2Fwp%2Fv2%2Fcomments&post=8166"}],"version-history":[{"count":4,"href":"https:\/\/www.ramsagroupkurumlari.com\/index.php?rest_route=\/wp\/v2\/posts\/8166\/revisions"}],"predecessor-version":[{"id":8291,"href":"https:\/\/www.ramsagroupkurumlari.com\/index.php?rest_route=\/wp\/v2\/posts\/8166\/revisions\/8291"}],"wp:featuredmedia":[{"embeddable":true,"href":"https:\/\/www.ramsagroupkurumlari.com\/index.php?rest_route=\/wp\/v2\/media\/8167"}],"wp:attachment":[{"href":"https:\/\/www.ramsagroupkurumlari.com\/index.php?rest_route=%2Fwp%2Fv2%2Fmedia&parent=8166"}],"wp:term":[{"taxonomy":"category","embeddable":true,"href":"https:\/\/www.ramsagroupkurumlari.com\/index.php?rest_route=%2Fwp%2Fv2%2Fcategories&post=8166"},{"taxonomy":"post_tag","embeddable":true,"href":"https:\/\/www.ramsagroupkurumlari.com\/index.php?rest_route=%2Fwp%2Fv2%2Ftags&post=8166"}],"curies":[{"name":"wp","href":"https:\/\/api.w.org\/{rel}","templated":true}]}}