{"id":8191,"date":"2021-01-26T19:18:15","date_gmt":"2021-01-26T19:18:15","guid":{"rendered":"https:\/\/www.ramsagroupkurumlari.com\/?p=8191"},"modified":"2021-03-18T21:43:57","modified_gmt":"2021-03-18T21:43:57","slug":"gorme-engelli-ogrencimize-forma-hediyesi","status":"publish","type":"post","link":"https:\/\/www.ramsagroupkurumlari.com\/?p=8191","title":{"rendered":"G\u00f6rme Engelli \u00d6\u011frencimize Forma Hediyesi"},"content":{"rendered":"\n<p>Fethiye Galatasaray Taraftarlar Derne\u011fi ba\u015fkan\u0131 Emrecan ARIKAN, Fethiye Galatasaray Taraftarlar Derne\u011fi y\u00f6netim kurulu \u00fcyesi Yusuf \u00d6ZKAYA kurucumuz ayn\u0131 zamanda Fethiye Galatasaray Taraftarlar Derne\u011fi y\u00f6netim kurulu \u00fcyesi Salih D\u00dcNDAR uzun y\u0131llard\u0131r g\u00f6rme engelliler destek egitim program\u0131ndan egitim g\u00f6ren \u00f6\u011frencimiz Semih KARCI i\u00e7in bir araya geldi. Galatasaray a\u015f\u0131\u011f\u0131, hicbir ma\u00e7\u0131 ka\u00e7\u0131rmayan, b\u00fct\u00fcn futbolcular\u0131 tan\u0131yan Semih i\u00e7in 10 numara galatasaray formas\u0131 hediye edildi. Dernek ba\u015fkan\u0131 ve \u00fcyeleriyle olmaktan mutluluk duyan Semih forma i\u00e7in te\u015fekk\u00fcr etti. <\/p>\n\n\n\n<figure class=\"wp-block-image size-large\"><img loading=\"lazy\" decoding=\"async\" width=\"1024\" height=\"1024\" src=\"https:\/\/www.ramsagroupkurumlari.com\/wp-content\/uploads\/2021\/01\/IMG_20210126_220200_789-1-1024x1024.jpg\" alt=\"\" class=\"wp-image-8192\" srcset=\"https:\/\/www.ramsagroupkurumlari.com\/wp-content\/uploads\/2021\/01\/IMG_20210126_220200_789-1-1024x1024.jpg 1024w, https:\/\/www.ramsagroupkurumlari.com\/wp-content\/uploads\/2021\/01\/IMG_20210126_220200_789-1-300x300.jpg 300w, https:\/\/www.ramsagroupkurumlari.com\/wp-content\/uploads\/2021\/01\/IMG_20210126_220200_789-1-150x150.jpg 150w, https:\/\/www.ramsagroupkurumlari.com\/wp-content\/uploads\/2021\/01\/IMG_20210126_220200_789-1-768x768.jpg 768w, https:\/\/www.ramsagroupkurumlari.com\/wp-content\/uploads\/2021\/01\/IMG_20210126_220200_789-1-500x500.jpg 500w, https:\/\/www.ramsagroupkurumlari.com\/wp-content\/uploads\/2021\/01\/IMG_20210126_220200_789-1-100x100.jpg 100w, https:\/\/www.ramsagroupkurumlari.com\/wp-content\/uploads\/2021\/01\/IMG_20210126_220200_789-1.jpg 1080w\" sizes=\"auto, (max-width: 1024px) 100vw, 1024px\" \/><\/figure>\n\n\n\n<figure class=\"wp-block-image size-large\"><img loading=\"lazy\" decoding=\"async\" width=\"768\" height=\"1024\" src=\"https:\/\/www.ramsagroupkurumlari.com\/wp-content\/uploads\/2021\/01\/IMG_20210126_221518_840-1-768x1024.jpg\" alt=\"\" class=\"wp-image-8193\" srcset=\"https:\/\/www.ramsagroupkurumlari.com\/wp-content\/uploads\/2021\/01\/IMG_20210126_221518_840-1-768x1024.jpg 768w, https:\/\/www.ramsagroupkurumlari.com\/wp-content\/uploads\/2021\/01\/IMG_20210126_221518_840-1-225x300.jpg 225w, https:\/\/www.ramsagroupkurumlari.com\/wp-content\/uploads\/2021\/01\/IMG_20210126_221518_840-1-600x800.jpg 600w, https:\/\/www.ramsagroupkurumlari.com\/wp-content\/uploads\/2021\/01\/IMG_20210126_221518_840-1.jpg 960w\" sizes=\"auto, (max-width: 768px) 100vw, 768px\" \/><\/figure>\n\n\n\n<p><\/p>\n","protected":false},"excerpt":{"rendered":"<p>Fethiye Galatasaray Taraftarlar Derne\u011fi ba\u015fkan\u0131 Emrecan ARIKAN, Fethiye Galatasaray Taraftarlar Derne\u011fi y\u00f6netim kurulu \u00fcyesi Yusuf \u00d6ZKAYA kurucumuz ayn\u0131 zamanda Fethiye Galatasaray Taraftarlar Derne\u011fi y\u00f6netim kurulu \u00fcyesi Salih D\u00dcNDAR uzun y\u0131llard\u0131r [&hellip;]<\/p>\n","protected":false},"author":1,"featured_media":8194,"comment_status":"open","ping_status":"open","sticky":false,"template":"","format":"standard","meta":{"footnotes":""},"categories":[2],"tags":[],"class_list":["post-8191","post","type-post","status-publish","format-standard","has-post-thumbnail","hentry","category-blog"],"_links":{"self":[{"href":"https:\/\/www.ramsagroupkurumlari.com\/index.php?rest_route=\/wp\/v2\/posts\/8191","targetHints":{"allow":["GET"]}}],"collection":[{"href":"https:\/\/www.ramsagroupkurumlari.com\/index.php?rest_route=\/wp\/v2\/posts"}],"about":[{"href":"https:\/\/www.ramsagroupkurumlari.com\/index.php?rest_route=\/wp\/v2\/types\/post"}],"author":[{"embeddable":true,"href":"https:\/\/www.ramsagroupkurumlari.com\/index.php?rest_route=\/wp\/v2\/users\/1"}],"replies":[{"embeddable":true,"href":"https:\/\/www.ramsagroupkurumlari.com\/index.php?rest_route=%2Fwp%2Fv2%2Fcomments&post=8191"}],"version-history":[{"count":2,"href":"https:\/\/www.ramsagroupkurumlari.com\/index.php?rest_route=\/wp\/v2\/posts\/8191\/revisions"}],"predecessor-version":[{"id":8287,"href":"https:\/\/www.ramsagroupkurumlari.com\/index.php?rest_route=\/wp\/v2\/posts\/8191\/revisions\/8287"}],"wp:featuredmedia":[{"embeddable":true,"href":"https:\/\/www.ramsagroupkurumlari.com\/index.php?rest_route=\/wp\/v2\/media\/8194"}],"wp:attachment":[{"href":"https:\/\/www.ramsagroupkurumlari.com\/index.php?rest_route=%2Fwp%2Fv2%2Fmedia&parent=8191"}],"wp:term":[{"taxonomy":"category","embeddable":true,"href":"https:\/\/www.ramsagroupkurumlari.com\/index.php?rest_route=%2Fwp%2Fv2%2Fcategories&post=8191"},{"taxonomy":"post_tag","embeddable":true,"href":"https:\/\/www.ramsagroupkurumlari.com\/index.php?rest_route=%2Fwp%2Fv2%2Ftags&post=8191"}],"curies":[{"name":"wp","href":"https:\/\/api.w.org\/{rel}","templated":true}]}}